{"id":592,"date":"2022-04-13T11:05:09","date_gmt":"2022-04-13T11:05:09","guid":{"rendered":"http:\/\/blog.eeb-ove.eus\/?p=592"},"modified":"2022-04-13T11:43:30","modified_gmt":"2022-04-13T11:43:30","slug":"jornada-emprendimiento-femenino-en-bizkaia-presenta-datos-del-informe-gem-y-visibiliza-a-las-emprendedoras-rurales","status":"publish","type":"post","link":"http:\/\/blog.eeb-ove.eus\/index.php\/2022\/04\/13\/jornada-emprendimiento-femenino-en-bizkaia-presenta-datos-del-informe-gem-y-visibiliza-a-las-emprendedoras-rurales\/","title":{"rendered":"Jornada sobre Emprendimiento femenino en Bizkaia visibiliza a las emprendedoras rurales"},"content":{"rendered":"\n<figure class=\"wp-block-image size-large\"><img loading=\"lazy\" width=\"924\" height=\"515\" src=\"http:\/\/blog.eeb-ove.eus\/wp-content\/uploads\/2022\/04\/gira.jpg\" alt=\"\" class=\"wp-image-593\" srcset=\"http:\/\/blog.eeb-ove.eus\/wp-content\/uploads\/2022\/04\/gira.jpg 924w, http:\/\/blog.eeb-ove.eus\/wp-content\/uploads\/2022\/04\/gira-300x167.jpg 300w, http:\/\/blog.eeb-ove.eus\/wp-content\/uploads\/2022\/04\/gira-178x99.jpg 178w, http:\/\/blog.eeb-ove.eus\/wp-content\/uploads\/2022\/04\/gira-768x428.jpg 768w, http:\/\/blog.eeb-ove.eus\/wp-content\/uploads\/2022\/04\/gira-600x334.jpg 600w\" sizes=\"(max-width: 924px) 100vw, 924px\" \/><\/figure>\n\n\n\n<figure class=\"wp-block-image\"><img alt=\"\"\/><\/figure>\n\n\n\n<p>Las mujeres protagonizan en Bizkaia el deseo de impulsar un proyecto empresarial y asumir los desaf\u00edos que surjan del mismo (Informe GEM). Con el objetivo de dar a conocer las conclusiones de este estudio, Mar\u00eda Saiz, presidenta de Euskal Ekintzailetzaren Behatokia- Observatorio Vasco de Emprendimiento; participa en la jornada organizada por Dircom Norte y Coca-Cola, en la que se pondr\u00e1n sobre la mesa los principales datos sobre el emprendimiento femenino con el foco puesto en el emprendimiento rural y los detalles del\u00a0<strong>Proyecto GIRA MUJERES<\/strong>, que este a\u00f1o celebra su sexta edici\u00f3n.<br><strong>PROGRAMA<\/strong><br>Modera la jornada\u00a0<strong>Cristina L\u00f3pez Romera<\/strong>, secretaria general de Dircom Norte. <br><strong>Saludo y bienvenida<\/strong>.\u00a0<strong>Leire Bara\u00f1ano<\/strong>, Neiker BRTA, Instituto Vasco de Investigaci\u00f3n y Desarrollo Agrario<br><strong>GIRA Mujeres<\/strong>.\u00a0<strong>Ane Epalza<\/strong>, gestora de Comunicaci\u00f3n de Coca-Cola Europacific Partners<br><strong>Mar\u00eda Saiz<\/strong>,\u00a0 presidenta de Euskal Ekintzailetzaren Behatokia \u2013 Observatorio Vasco del Emprendimiento<br><strong>M\u00f3nica Alonso<\/strong>, t\u00e9cnica de la Asociaci\u00f3n de Desarrollo Rural ADR Enkarterrialde<br><strong>Alazne Prado<\/strong>, Centro de d\u00eda Galua en Karrantza <br><br><strong>Inscripci\u00f3n aqu\u00ed: <a href=\"https:\/\/bit.ly\/3xpI2hC\">https:\/\/bit.ly\/3xpI2hC<\/a><\/strong><br><strong>Cu\u00e1ndo: 29 de abril de 2022, desde las 10h a las 11:30h <br>D\u00f3nde: <a href=\"https:\/\/www.dircom.org\/local\/bizkaia-aretoa-ehu-upv\/\">Bizkaia Aretoa EHU-UPV<\/a> Av. Abandoibarra, 3 <\/strong><br><br><br><\/p>\n\n\n\n<p><br><\/p>\n","protected":false},"excerpt":{"rendered":"<p>Las mujeres protagonizan en Bizkaia el deseo de impulsar un proyecto empresarial y asumir los desaf\u00edos que surjan del mismo (Informe GEM). Con el objetivo de dar a conocer las conclusiones de este estudio, Mar\u00eda Saiz, presidenta de Euskal Ekintzailetzaren Behatokia- Observatorio Vasco de Emprendimiento; participa en la jornada organizada por Dircom Norte y Coca-Cola, [&hellip;]<\/p>\n","protected":false},"author":1,"featured_media":593,"comment_status":"closed","ping_status":"closed","sticky":false,"template":"","format":"standard","meta":[],"categories":[86,47,48,3,72],"tags":[],"_links":{"self":[{"href":"http:\/\/blog.eeb-ove.eus\/index.php\/wp-json\/wp\/v2\/posts\/592"}],"collection":[{"href":"http:\/\/blog.eeb-ove.eus\/index.php\/wp-json\/wp\/v2\/posts"}],"about":[{"href":"http:\/\/blog.eeb-ove.eus\/index.php\/wp-json\/wp\/v2\/types\/post"}],"author":[{"embeddable":true,"href":"http:\/\/blog.eeb-ove.eus\/index.php\/wp-json\/wp\/v2\/users\/1"}],"replies":[{"embeddable":true,"href":"http:\/\/blog.eeb-ove.eus\/index.php\/wp-json\/wp\/v2\/comments?post=592"}],"version-history":[{"count":5,"href":"http:\/\/blog.eeb-ove.eus\/index.php\/wp-json\/wp\/v2\/posts\/592\/revisions"}],"predecessor-version":[{"id":600,"href":"http:\/\/blog.eeb-ove.eus\/index.php\/wp-json\/wp\/v2\/posts\/592\/revisions\/600"}],"wp:featuredmedia":[{"embeddable":true,"href":"http:\/\/blog.eeb-ove.eus\/index.php\/wp-json\/wp\/v2\/media\/593"}],"wp:attachment":[{"href":"http:\/\/blog.eeb-ove.eus\/index.php\/wp-json\/wp\/v2\/media?parent=592"}],"wp:term":[{"taxonomy":"category","embeddable":true,"href":"http:\/\/blog.eeb-ove.eus\/index.php\/wp-json\/wp\/v2\/categories?post=592"},{"taxonomy":"post_tag","embeddable":true,"href":"http:\/\/blog.eeb-ove.eus\/index.php\/wp-json\/wp\/v2\/tags?post=592"}],"curies":[{"name":"wp","href":"https:\/\/api.w.org\/{rel}","templated":true}]}}