{"id":72,"date":"2020-05-15T16:23:30","date_gmt":"2020-05-15T16:23:30","guid":{"rendered":"http:\/\/blog.eeb-ove.eus\/?p=72"},"modified":"2020-06-11T08:13:05","modified_gmt":"2020-06-11T08:13:05","slug":"nuevo-informe-gem-situacion-del-emprendimiento-en-espana-ante-la-crisis-del-covid-19-analisis-y-recomendaciones-2020","status":"publish","type":"post","link":"http:\/\/blog.eeb-ove.eus\/index.php\/2020\/05\/15\/nuevo-informe-gem-situacion-del-emprendimiento-en-espana-ante-la-crisis-del-covid-19-analisis-y-recomendaciones-2020\/","title":{"rendered":"Nuevo Informe GEM: Situaci\u00f3n del emprendimiento en Espa\u00f1a ante la crisis del COVID-19. An\u00e1lisis y recomendaciones 2020"},"content":{"rendered":"\n<p class=\"has-medium-font-size\">El Observatorio Vasco de Emprendimiento (EEB-OVE), junto al Observatorio de Emprendimiento en Espa\u00f1a, <a href=\"https:\/\/www.gem-spain.com\/\">Red GEM Espa\u00f1a<\/a>, analiza la situaci\u00f3n del colectivo emprendedor ante la crisis de la COVID-19. La investigaci\u00f3n re\u00fane las preocupaciones de las personas emprendedoras a trav\u00e9s de una encuesta realizada durante el mes de abril en todo el pa\u00eds.  Un importante sector para la nueva econom\u00eda y la innovaci\u00f3n<strong> <\/strong>en el que el 40 % de las empresas espa\u00f1olas se han visto obligadas a cerrar. Un hecho que exigir\u00e1  adaptarse a una situaci\u00f3n sin precedentes.<strong> <\/strong> <br><strong>&gt; <\/strong>Informe accesible aqu\u00ed:  <a href=\"https:\/\/www.gem-spain.com\/wp-content\/uploads\/2020\/05\/InformeGEM-COVID-19-2020.pdf\">https:\/\/www.gem-spain.com\/wp-content\/uploads\/2020\/05\/InformeGEM-COVID-19-2020.pdf<\/a> <\/p>\n\n\n\n<figure class=\"wp-block-image size-large is-resized\"><a href=\"https:\/\/www.gem-spain.com\/wp-content\/uploads\/2020\/05\/InformeGEM-COVID-19-2020.pdf\"><img loading=\"lazy\" src=\"http:\/\/blog.eeb-ove.eus\/wp-content\/uploads\/2020\/05\/Emprendimiento-wasap-1024x1024.jpg\" alt=\"\" class=\"wp-image-73\" width=\"532\" height=\"532\"\/><\/a><\/figure>\n","protected":false},"excerpt":{"rendered":"<p>El Observatorio Vasco de Emprendimiento (EEB-OVE), junto al Observatorio de Emprendimiento en Espa\u00f1a, Red GEM Espa\u00f1a, analiza la situaci\u00f3n del colectivo emprendedor ante la crisis de la COVID-19. La investigaci\u00f3n re\u00fane las preocupaciones de las personas emprendedoras a trav\u00e9s de una encuesta realizada durante el mes de abril en todo el pa\u00eds. Un importante sector [&hellip;]<\/p>\n","protected":false},"author":1,"featured_media":86,"comment_status":"closed","ping_status":"closed","sticky":false,"template":"","format":"standard","meta":[],"categories":[6,3,5,2],"tags":[],"_links":{"self":[{"href":"http:\/\/blog.eeb-ove.eus\/index.php\/wp-json\/wp\/v2\/posts\/72"}],"collection":[{"href":"http:\/\/blog.eeb-ove.eus\/index.php\/wp-json\/wp\/v2\/posts"}],"about":[{"href":"http:\/\/blog.eeb-ove.eus\/index.php\/wp-json\/wp\/v2\/types\/post"}],"author":[{"embeddable":true,"href":"http:\/\/blog.eeb-ove.eus\/index.php\/wp-json\/wp\/v2\/users\/1"}],"replies":[{"embeddable":true,"href":"http:\/\/blog.eeb-ove.eus\/index.php\/wp-json\/wp\/v2\/comments?post=72"}],"version-history":[{"count":6,"href":"http:\/\/blog.eeb-ove.eus\/index.php\/wp-json\/wp\/v2\/posts\/72\/revisions"}],"predecessor-version":[{"id":83,"href":"http:\/\/blog.eeb-ove.eus\/index.php\/wp-json\/wp\/v2\/posts\/72\/revisions\/83"}],"wp:featuredmedia":[{"embeddable":true,"href":"http:\/\/blog.eeb-ove.eus\/index.php\/wp-json\/wp\/v2\/media\/86"}],"wp:attachment":[{"href":"http:\/\/blog.eeb-ove.eus\/index.php\/wp-json\/wp\/v2\/media?parent=72"}],"wp:term":[{"taxonomy":"category","embeddable":true,"href":"http:\/\/blog.eeb-ove.eus\/index.php\/wp-json\/wp\/v2\/categories?post=72"},{"taxonomy":"post_tag","embeddable":true,"href":"http:\/\/blog.eeb-ove.eus\/index.php\/wp-json\/wp\/v2\/tags?post=72"}],"curies":[{"name":"wp","href":"https:\/\/api.w.org\/{rel}","templated":true}]}}