{"id":154,"date":"2020-11-23T19:09:40","date_gmt":"2020-11-23T19:09:40","guid":{"rendered":"http:\/\/blog.eeb-ove.eus\/?p=154"},"modified":"2020-11-23T19:21:15","modified_gmt":"2020-11-23T19:21:15","slug":"aileen-ionescu-somers-toma-parte-en-el-iii-congreso-internacional-de-empleo-construyendo-el-sistema-vasco-de-empleo","status":"publish","type":"post","link":"https:\/\/blog.eeb-ove.eus\/index.php\/2020\/11\/23\/aileen-ionescu-somers-toma-parte-en-el-iii-congreso-internacional-de-empleo-construyendo-el-sistema-vasco-de-empleo\/","title":{"rendered":"Aileen Ionescu-Somers participar\u00e1 en el III Congreso Internacional de Empleo \u201cConstruyendo el Sistema Vasco de Empleo\u201d"},"content":{"rendered":"\n<figure class=\"wp-block-image size-large is-resized\"><img loading=\"lazy\" src=\"http:\/\/blog.eeb-ove.eus\/wp-content\/uploads\/2020\/11\/Aileen-Ionescu-Somers-1.jpg\" alt=\"\" class=\"wp-image-159\" width=\"367\" height=\"432\"\/><\/figure>\n\n\n\n<p><a href=\"https:\/\/congresointernacionalempleoeuskadi2020.eus\/ponente\/aileen-ionescu-somers\/\">Aileen Ionescu<\/a>, directora general de Global Entrepreneurship Monitor, tomar\u00e1 parte en este III Congreso Internacional de Empleo, organizado por el Departamento de Trabajo y Empleo del Gobierno Vasco, bajo el lema \u201cConstruyendo el Sistema Vasco de Empleo\u201d. <br><br>La doctora Ionescu impartir\u00e1 una conferencia sobre emprendimiento y empleo el viernes 27 de noviembre, a las 12:45h, en el Palacio Euskalduna de Bilbao. Su intervenci\u00f3n dar\u00e1 paso a una mesa redonda moderada por <a href=\"https:\/\/es.linkedin.com\/in\/maria-saiz-santos-52b799a\">Mar\u00eda Saiz,<\/a> directora ejecutiva de GEM Euskadi y presidenta de  EEB\u2010OVE- Observatorio Vasco de Emprendimiento, en la que tomar\u00e1n parte diferentes actores del ecosistema emprendedor vasco . <br><img class=\"wp-image-160\" style=\"width: 400px;\" src=\"http:\/\/blog.eeb-ove.eus\/wp-content\/uploads\/2020\/11\/congreso-empleo-lanbide-650x920-1-650x920-c-default-1.jpg\" alt=\"\"><br><\/p>\n\n\n\n<p>El encuentro internacional, que tiene como objetivo construir un Sistema Vasco de Empleo&nbsp;<strong>innovador, eficiente e inclusivo y eficaz<\/strong>, abordar\u00e1 estos important\u00edsimos&nbsp;<strong>retos<\/strong> y tendr\u00e1 lugar los d\u00edas 26 y 27 de noviembre en Bilbao.  <\/p>\n\n\n\n<p><strong>Dada la actual situaci\u00f3n sanitaria, el <a href=\"https:\/\/congresointernacionalempleoeuskadi2020.eus\/programa\/\">Congreso <\/a>se desarrollar\u00e1 de forma h\u00edbrida. Su versi\u00f3n presencial tendr\u00e1 lugar en el Palacio Euskalduna de Bilbao, con un aforo limitado, y ser\u00e1 ilimitado para su seguimiento telem\u00e1tico.<\/strong><br> <a href=\"https:\/\/congresointernacionalempleoeuskadi2020.eus\/programa\/\">Toda la informaci\u00f3n est\u00e1 accesible aqu\u00ed<\/a>: <a href=\"https:\/\/congresointernacionalempleoeuskadi2020.eus\/programa\/\">https:\/\/congresointernacionalempleoeuskadi2020.eus\/programa\/<\/a><\/p>\n\n\n\n<p><br><br><br> <\/p>\n\n\n\n<figure class=\"wp-block-image\"><img alt=\"\"\/><\/figure>\n","protected":false},"excerpt":{"rendered":"<p>Aileen Ionescu, directora general de Global Entrepreneurship Monitor, tomar\u00e1 parte en este III Congreso Internacional de Empleo, organizado por el Departamento de Trabajo y Empleo del Gobierno Vasco, bajo el lema \u201cConstruyendo el Sistema Vasco de Empleo\u201d. La doctora Ionescu impartir\u00e1 una conferencia sobre emprendimiento y empleo el viernes 27 de noviembre, a las 12:45h, [&hellip;]<\/p>\n","protected":false},"author":1,"featured_media":159,"comment_status":"closed","ping_status":"closed","sticky":false,"template":"","format":"standard","meta":[],"categories":[20],"tags":[24,25,27,26],"_links":{"self":[{"href":"https:\/\/blog.eeb-ove.eus\/index.php\/wp-json\/wp\/v2\/posts\/154"}],"collection":[{"href":"https:\/\/blog.eeb-ove.eus\/index.php\/wp-json\/wp\/v2\/posts"}],"about":[{"href":"https:\/\/blog.eeb-ove.eus\/index.php\/wp-json\/wp\/v2\/types\/post"}],"author":[{"embeddable":true,"href":"https:\/\/blog.eeb-ove.eus\/index.php\/wp-json\/wp\/v2\/users\/1"}],"replies":[{"embeddable":true,"href":"https:\/\/blog.eeb-ove.eus\/index.php\/wp-json\/wp\/v2\/comments?post=154"}],"version-history":[{"count":4,"href":"https:\/\/blog.eeb-ove.eus\/index.php\/wp-json\/wp\/v2\/posts\/154\/revisions"}],"predecessor-version":[{"id":164,"href":"https:\/\/blog.eeb-ove.eus\/index.php\/wp-json\/wp\/v2\/posts\/154\/revisions\/164"}],"wp:featuredmedia":[{"embeddable":true,"href":"https:\/\/blog.eeb-ove.eus\/index.php\/wp-json\/wp\/v2\/media\/159"}],"wp:attachment":[{"href":"https:\/\/blog.eeb-ove.eus\/index.php\/wp-json\/wp\/v2\/media?parent=154"}],"wp:term":[{"taxonomy":"category","embeddable":true,"href":"https:\/\/blog.eeb-ove.eus\/index.php\/wp-json\/wp\/v2\/categories?post=154"},{"taxonomy":"post_tag","embeddable":true,"href":"https:\/\/blog.eeb-ove.eus\/index.php\/wp-json\/wp\/v2\/tags?post=154"}],"curies":[{"name":"wp","href":"https:\/\/api.w.org\/{rel}","templated":true}]}}