{"id":166,"date":"2020-11-27T08:40:03","date_gmt":"2020-11-27T08:40:03","guid":{"rendered":"http:\/\/blog.eeb-ove.eus\/?p=166"},"modified":"2020-11-27T08:55:38","modified_gmt":"2020-11-27T08:55:38","slug":"eeb-ove-participa-en-una-mesa-redonda-sobre-emprendimiento-y-empleo-en-el-iii-congreso-internacional-de-empleo","status":"publish","type":"post","link":"https:\/\/blog.eeb-ove.eus\/index.php\/2020\/11\/27\/eeb-ove-participa-en-una-mesa-redonda-sobre-emprendimiento-y-empleo-en-el-iii-congreso-internacional-de-empleo\/","title":{"rendered":"EEB-OVE participa en una mesa redonda sobre Emprendimiento y Empleo en el III Congreso Internacional de Empleo"},"content":{"rendered":"\n<p><strong>Mar\u00eda Saiz, Directora\nEjecutiva de GEM Euskadi y Presidenta del Observatorio Vasco de Emprendimiento\nEEB\u2010OVE, moderar\u00e1 hoy una mesa redonda con el t\u00edtulo&nbsp; \u2018Emprendimiento y Empleo\u2019, en el marco del III\ncongreso Internacional de Empleo. <\/strong><\/p>\n\n\n\n<p>En el encuentro se presentar\u00e1n datos relevantes \u00a0sobre la actividad emprendedora y empleo creado en Euskadi, \u00a0se conocer\u00e1 el perfil de la persona emprendedora y la influencia del g\u00e9nero en el emprendimiento. Se analizaran tambi\u00e9n los Obst\u00e1culos, factores impulsores y propuestas <br> <br> Durante el el coloquio las personas expertas \u00a0participantes aportar\u00e1n su visi\u00f3n sobre temas como el Impacto del emprendimiento en la creaci\u00f3n de empleo, la importancia del autoempleo<strong>, <\/strong>el emprendimiento como herramienta instrumental en las pol\u00edticas de empleo y los Colectivos prioritarios a apoyar. <br> <br><strong>El debate contar\u00e1 con la participaci\u00f3n de: <\/strong> <br><\/p>\n\n\n\n<p><a href=\"https:\/\/congresointernacionalempleoeuskadi2020.eus\/ponente\/maria-del-mar-fuentes\/\">Maria del Mar Fuentes<\/a>. Catedr\u00e1tica de Organizaci\u00f3n y Directora de Emprendimiento de la Universidad de Granada<\/p>\n\n\n\n<figure class=\"wp-block-image size-large is-resized\"><img loading=\"lazy\" src=\"http:\/\/blog.eeb-ove.eus\/wp-content\/uploads\/2020\/11\/Maria-del-Mar.jpg\" alt=\"\" class=\"wp-image-167\" width=\"127\" height=\"130\" srcset=\"https:\/\/blog.eeb-ove.eus\/wp-content\/uploads\/2020\/11\/Maria-del-Mar.jpg 620w, https:\/\/blog.eeb-ove.eus\/wp-content\/uploads\/2020\/11\/Maria-del-Mar-293x300.jpg 293w, https:\/\/blog.eeb-ove.eus\/wp-content\/uploads\/2020\/11\/Maria-del-Mar-146x150.jpg 146w, https:\/\/blog.eeb-ove.eus\/wp-content\/uploads\/2020\/11\/Maria-del-Mar-600x615.jpg 600w\" sizes=\"(max-width: 127px) 100vw, 127px\" \/><\/figure>\n\n\n\n<p><a href=\"https:\/\/congresointernacionalempleoeuskadi2020.eus\/ponente\/jon-barredo\/\">  Jon Barredo Muro<\/a>. Ceo. ELUR, Search and Rescue <\/p>\n\n\n\n<figure class=\"wp-block-image size-large is-resized\"><img loading=\"lazy\" src=\"http:\/\/blog.eeb-ove.eus\/wp-content\/uploads\/2020\/11\/Jon-Barredo-1024x1024-1.jpg\" alt=\"\" class=\"wp-image-168\" width=\"132\" height=\"132\" srcset=\"https:\/\/blog.eeb-ove.eus\/wp-content\/uploads\/2020\/11\/Jon-Barredo-1024x1024-1.jpg 1024w, https:\/\/blog.eeb-ove.eus\/wp-content\/uploads\/2020\/11\/Jon-Barredo-1024x1024-1-300x300.jpg 300w, https:\/\/blog.eeb-ove.eus\/wp-content\/uploads\/2020\/11\/Jon-Barredo-1024x1024-1-150x150.jpg 150w, https:\/\/blog.eeb-ove.eus\/wp-content\/uploads\/2020\/11\/Jon-Barredo-1024x1024-1-768x768.jpg 768w, https:\/\/blog.eeb-ove.eus\/wp-content\/uploads\/2020\/11\/Jon-Barredo-1024x1024-1-600x600.jpg 600w\" sizes=\"(max-width: 132px) 100vw, 132px\" \/><\/figure>\n\n\n\n<p><a href=\"https:\/\/congresointernacionalempleoeuskadi2020.eus\/ponente\/fernando-lallana\/\">Fernando Lallana<\/a>. Coautor de \u201cABUELOS, NUNCA ES TARDE PARA EMPRENDER\u201d<\/p>\n\n\n\n<figure class=\"wp-block-image size-large is-resized\"><img loading=\"lazy\" src=\"http:\/\/blog.eeb-ove.eus\/wp-content\/uploads\/2020\/11\/Fernando-Lallana.jpeg\" alt=\"\" class=\"wp-image-169\" width=\"125\" height=\"131\" srcset=\"https:\/\/blog.eeb-ove.eus\/wp-content\/uploads\/2020\/11\/Fernando-Lallana.jpeg 916w, https:\/\/blog.eeb-ove.eus\/wp-content\/uploads\/2020\/11\/Fernando-Lallana-286x300.jpeg 286w, https:\/\/blog.eeb-ove.eus\/wp-content\/uploads\/2020\/11\/Fernando-Lallana-143x150.jpeg 143w, https:\/\/blog.eeb-ove.eus\/wp-content\/uploads\/2020\/11\/Fernando-Lallana-768x805.jpeg 768w, https:\/\/blog.eeb-ove.eus\/wp-content\/uploads\/2020\/11\/Fernando-Lallana-600x629.jpeg 600w\" sizes=\"(max-width: 125px) 100vw, 125px\" \/><\/figure>\n\n\n\n<p><a href=\"https:\/\/congresointernacionalempleoeuskadi2020.eus\/ponente\/izaskun-iridoy\/\">Izaskun Iridoy.<\/a> Jefa del Dpto. de Emprendimiento y Nueva Actividad. Garapen<\/p>\n\n\n\n<figure class=\"wp-block-image size-large is-resized\"><img loading=\"lazy\" src=\"http:\/\/blog.eeb-ove.eus\/wp-content\/uploads\/2020\/11\/Izaskun-Iridoy.png\" alt=\"\" class=\"wp-image-170\" width=\"120\" height=\"131\" srcset=\"https:\/\/blog.eeb-ove.eus\/wp-content\/uploads\/2020\/11\/Izaskun-Iridoy.png 575w, https:\/\/blog.eeb-ove.eus\/wp-content\/uploads\/2020\/11\/Izaskun-Iridoy-276x300.png 276w, https:\/\/blog.eeb-ove.eus\/wp-content\/uploads\/2020\/11\/Izaskun-Iridoy-138x150.png 138w\" sizes=\"(max-width: 120px) 100vw, 120px\" \/><\/figure>\n\n\n\n<p>  <br> <strong>La mesa redonda tendr\u00e1 lugar hoy 27 de noviembre desde las 12:45h a las 14h. \u00a012:4<br>Aqu\u00ed puedes seguir la emisi\u00f3n en directo: <\/strong>https:\/\/congresointernacionalempleoeuskadi2020.eus\/emision-en-directo\/  <br><br><strong><br><a href=\"https:\/\/congresointernacionalempleoeuskadi2020.eus\/programa\/#\"> Sobre el congreso<\/a>: <br> <\/strong>Construir un Sistema Vasco de Empleo innovador, eficiente e inclusivo y eficaz es uno de los objetivos principales del Departamento de Trabajo y Empleo del Gobierno Vasco. Este objetivo se encuentra alineado con la Agenda 2030 de Naciones Unidas para el Desarrollo Sostenible, agenda global con la que Euskadi est\u00e1 claramente comprometida a trav\u00e9s de la Agenda Euskadi Basque Country 2030.<\/p>\n\n\n\n<p><\/p>\n\n\n\n<p><\/p>\n\n\n\n<p><\/p>\n","protected":false},"excerpt":{"rendered":"<p>Mar\u00eda Saiz, Directora Ejecutiva de GEM Euskadi y Presidenta del Observatorio Vasco de Emprendimiento EEB\u2010OVE, moderar\u00e1 hoy una mesa redonda con el t\u00edtulo&nbsp; \u2018Emprendimiento y Empleo\u2019, en el marco del III congreso Internacional de Empleo. En el encuentro se presentar\u00e1n datos relevantes \u00a0sobre la actividad emprendedora y empleo creado en Euskadi, \u00a0se conocer\u00e1 el perfil [&hellip;]<\/p>\n","protected":false},"author":1,"featured_media":160,"comment_status":"closed","ping_status":"closed","sticky":false,"template":"","format":"standard","meta":[],"categories":[20,3,15],"tags":[27,28],"_links":{"self":[{"href":"https:\/\/blog.eeb-ove.eus\/index.php\/wp-json\/wp\/v2\/posts\/166"}],"collection":[{"href":"https:\/\/blog.eeb-ove.eus\/index.php\/wp-json\/wp\/v2\/posts"}],"about":[{"href":"https:\/\/blog.eeb-ove.eus\/index.php\/wp-json\/wp\/v2\/types\/post"}],"author":[{"embeddable":true,"href":"https:\/\/blog.eeb-ove.eus\/index.php\/wp-json\/wp\/v2\/users\/1"}],"replies":[{"embeddable":true,"href":"https:\/\/blog.eeb-ove.eus\/index.php\/wp-json\/wp\/v2\/comments?post=166"}],"version-history":[{"count":5,"href":"https:\/\/blog.eeb-ove.eus\/index.php\/wp-json\/wp\/v2\/posts\/166\/revisions"}],"predecessor-version":[{"id":176,"href":"https:\/\/blog.eeb-ove.eus\/index.php\/wp-json\/wp\/v2\/posts\/166\/revisions\/176"}],"wp:featuredmedia":[{"embeddable":true,"href":"https:\/\/blog.eeb-ove.eus\/index.php\/wp-json\/wp\/v2\/media\/160"}],"wp:attachment":[{"href":"https:\/\/blog.eeb-ove.eus\/index.php\/wp-json\/wp\/v2\/media?parent=166"}],"wp:term":[{"taxonomy":"category","embeddable":true,"href":"https:\/\/blog.eeb-ove.eus\/index.php\/wp-json\/wp\/v2\/categories?post=166"},{"taxonomy":"post_tag","embeddable":true,"href":"https:\/\/blog.eeb-ove.eus\/index.php\/wp-json\/wp\/v2\/tags?post=166"}],"curies":[{"name":"wp","href":"https:\/\/api.w.org\/{rel}","templated":true}]}}