{"id":602,"date":"2022-04-26T14:06:09","date_gmt":"2022-04-26T14:06:09","guid":{"rendered":"http:\/\/blog.eeb-ove.eus\/?p=602"},"modified":"2022-06-03T13:59:55","modified_gmt":"2022-06-03T13:59:55","slug":"la-mujer-ha-sido-la-piedra-angular-de-muchas-explotaciones-agroganaderas-pero-en-demasiadas-ocasiones-no-ha-tenido-el-reconocimiento-que-merece","status":"publish","type":"post","link":"https:\/\/blog.eeb-ove.eus\/index.php\/2022\/04\/26\/la-mujer-ha-sido-la-piedra-angular-de-muchas-explotaciones-agroganaderas-pero-en-demasiadas-ocasiones-no-ha-tenido-el-reconocimiento-que-merece\/","title":{"rendered":"\u00abLa mujer ha sido la piedra angular de muchas explotaciones agroganaderas, pero en demasiadas ocasiones no ha tenido el reconocimiento que merece\u00bb"},"content":{"rendered":"\n<figure class=\"wp-block-image size-large\"><img loading=\"lazy\" width=\"1024\" height=\"683\" src=\"http:\/\/blog.eeb-ove.eus\/wp-content\/uploads\/2022\/04\/Leire-Bara\u00f1ano-NEIKER-1024x683.jpg\" alt=\"\" class=\"wp-image-603\" srcset=\"https:\/\/blog.eeb-ove.eus\/wp-content\/uploads\/2022\/04\/Leire-Bara\u00f1ano-NEIKER-1024x683.jpg 1024w, https:\/\/blog.eeb-ove.eus\/wp-content\/uploads\/2022\/04\/Leire-Bara\u00f1ano-NEIKER-300x200.jpg 300w, https:\/\/blog.eeb-ove.eus\/wp-content\/uploads\/2022\/04\/Leire-Bara\u00f1ano-NEIKER-178x119.jpg 178w, https:\/\/blog.eeb-ove.eus\/wp-content\/uploads\/2022\/04\/Leire-Bara\u00f1ano-NEIKER-768x512.jpg 768w, https:\/\/blog.eeb-ove.eus\/wp-content\/uploads\/2022\/04\/Leire-Bara\u00f1ano-NEIKER-1536x1024.jpg 1536w, https:\/\/blog.eeb-ove.eus\/wp-content\/uploads\/2022\/04\/Leire-Bara\u00f1ano-NEIKER-2048x1365.jpg 2048w, https:\/\/blog.eeb-ove.eus\/wp-content\/uploads\/2022\/04\/Leire-Bara\u00f1ano-NEIKER-600x400.jpg 600w\" sizes=\"(max-width: 1024px) 100vw, 1024px\" \/><\/figure>\n\n\n\n<p>Doctora en Direcci\u00f3n Empresarial, Conocimiento e Innovaci\u00f3n,  <a href=\"https:\/\/www.linkedin.com\/in\/leire-bara%C3%B1ano\/?originalSubdomain=es\">Leire Bara\u00f1ano Orbe<\/a> es la directora general del centro tecnol\u00f3gico NEIKER BRTA, especializado en la creaci\u00f3n de soluciones innovadoras para los sectores agroalimentario y forestal.  Bara\u00f1ano participa en la jornada <a href=\"https:\/\/www.dircom.org\/evento\/un-diagnostico-del-emprendimiento-femenino-en-bizkaia\/\">\u2018Un diagn\u00f3stico del emprendimiento femenino en Bizkaia\u2019<\/a>, donde se pondr\u00e1n sobre la mesa los resultados m\u00e1s relevantes sobre el emprendimiento femenino con el foco puesto en el emprendimiento rural y los detalles del <a href=\"https:\/\/www.dircom.org\/evento\/un-diagnostico-del-emprendimiento-femenino-en-bizkaia\/\">Proyecto GIRA MUJERES<\/a>, que este a\u00f1o celebra su sexta edici\u00f3n.&nbsp;&nbsp;&nbsp;&nbsp; <br><br> La jornada est\u00e1 organizada conjuntamente por la Asociaci\u00f3n Dircom Norte, Coca-Cola y la Universidad del Pa\u00eds Vasco, con la colaboraci\u00f3n  el <a rel=\"noreferrer noopener\" href=\"http:\/\/eeb-ove.eus\/\" target=\"_blank\">Observatorio Vasco del Emprendimiento \u2013 Euskal Ekintzailetzaren Behatokia<\/a>, Enkarterri y GEM Espa\u00f1a.&nbsp; Leire Bara\u00f1ano ser\u00e1 la encargada de dar la bienvenida a <a href=\"https:\/\/www.dircom.org\/evento\/un-diagnostico-del-emprendimiento-femenino-en-bizkaia\/\">este encuentro, que se celebra el 29 de abril, a las 10:00 en Bizkaia Aretoa, Bilbao<\/a>. La jornada es abierta, con aforo reducido y <a href=\"https:\/\/www.dircom.org\/evento\/un-diagnostico-del-emprendimiento-femenino-en-bizkaia\/\">aqu\u00ed puedes inscribirte.<\/a><br><br>Aprovechamos esta ocasi\u00f3n para hablar con ella, saber m\u00e1s sobre un sector desconocido pero que al mismo tiempo tiene muchas de las claves para mejorar la vida de las personas, proteger los recursos y conseguir un futuro m\u00e1s sostenible. &nbsp;&nbsp;<br>&nbsp;&nbsp;&nbsp;&nbsp;&nbsp;<br> <strong>1. \u2013 \u00bfCrees importante dar visibilidad al emprendimiento rural vasco y en particular a las mujeres?<\/strong>&nbsp; <\/p>\n\n\n\n<p>Resulta muy importante siempre, pero m\u00e1s a\u00fan en el sector primario, en el que la presencia de mujeres ha sido constante y, sin embargo, muy invisibilizada. La mujer ha sido la piedra angular de muchas explotaciones agroganaderas, pero en demasiadas ocasiones no ha tenido el reconocimiento que merece. Las experiencias positivas hay que visibilizarlas para darlas conocer a otras potenciales emprendedoras, compartir formas de crear empleo y tambi\u00e9n para afrontar desde esas experiencias comunes las dificultades que se encuentran  <\/p>\n\n\n\n<p><strong>2.- El sector rural es un gran desconocido. En tu opini\u00f3n, \u00bfhay oportunidades para emprender en \u00e9l?&nbsp;<\/strong><\/p>\n\n\n\n<p>Puede ser desconocido para nosotros o para las generaciones actuales. Pero no debemos olvidar que se trata de un sector muy antiguo y actual, a la vez. Sin agricultura, no hay alimentos. Sin alimentos, no podemos ni vivir y mucho menos disfrutar. Por tanto, debemos reflexionar sobre por qu\u00e9 es poco conocido. Seguramente haya podido contribuir a ello tambi\u00e9n baja consideraci\u00f3n del trabajo de los&nbsp;profesionales del&nbsp;<a href=\"https:\/\/cronicaglobal.elespanol.com\/primeras-planas\/campo-rebota-dudas-mobile_315503_102.html\">campo<\/a>, cuya labor hay que reivindicar y cuya calidad de vida hay que mejorar.&nbsp;<br>En cuanto a las oportunidades para emprender en el primer sector, por supuesto que las hay, pero estamos en un momento clave en el que hay que apostar preferiblemente por proyectos que impliquen la tecnificaci\u00f3n, profesionalizaci\u00f3n y diferenciaci\u00f3n. Abordar una necesidad, un hueco de mercado&#8230;&nbsp;<\/p>\n\n\n\n<p><strong>3. \u00bfQu\u00e9 papel juega este sector en la nueva pol\u00edtica\nambiental para mejorar la sostenibilidad?&nbsp;<\/strong><\/p>\n\n\n\n<p>Creo que, como todos los sectores, el sector agroganadero y forestal debe incorporar acciones encaminadas a mejorar su sostenibilidad o dicho mejor, para minimizar su impacto. Pero tengo que subrayar que el sector lleva mucho tiempo trabajando en esta direcci\u00f3n. Desde la reutilizaci\u00f3n en continuo de todos los subproductos generados, hasta la mejora de los sistemas de producci\u00f3n para utilizar menos fertilizantes y menos agua&#8230; <br>Tambi\u00e9n alimentando mejor a los animales para producir menos emisiones y gestionando la biodiversidad para garantizar el equilibrio de la actividad agraria y el medio ambiente. Hay mucho camino para seguir trabajando, pero el sector vasco lleva ya mucho recorrido realizado. En ese sentido, la introducci\u00f3n de las nuevas tecnolog\u00edas en los sistemas agrarios, ganaderos y forestales son imprescindibles para avanzar en estos pasos que tenemos que seguir dando. &nbsp;&nbsp;&nbsp;&nbsp;&nbsp;&nbsp;&nbsp;&nbsp; <br> <br> <strong>4. \u00bfA qu\u00e9 retos se enfrenta el sector y cu\u00e1l es el papel de la tecnolog\u00eda y la innovaci\u00f3n en su desarrollo?<\/strong><\/p>\n\n\n\n<p>El sector primario se enfrenta a muchos retos y,\nadem\u00e1s, se encuentra en un momento crucial para ello debido a los exigentes\ncambios legislativos que nos llegan de Europa y a las demandas del mercado,\ncada vez m\u00e1s competitivo y cambiante. Debe tratar de producir m\u00e1s con menos\nagua, fertilizantes y energ\u00eda, garantizar la calidad y seguridad de los\nalimentos, hacer frente a las plagas y enfermedades de forma eficiente y\nsostenible, ser capaz de producir nuevos alimentos&nbsp;mediante el uso de\nnuevos sistemas de producci\u00f3n (indor farming), ofrecer un empleo de calidad y\nestable\u2026 En ese contexto, la innovaci\u00f3n resultar\u00e1 de gran ayuda para que el\nsector pueda dar el salto cualitativo que necesita y responder a las\nnecesidades y retos que tiene sobre la mesa.<strong>&nbsp;<\/strong><\/p>\n\n\n\n<p> <strong>5. \u00bfCrees importante la formaci\u00f3n en emprendimiento alimentario y rural?&nbsp;<\/strong><\/p>\n\n\n\n<p>Es vital, tanto en aspectos de gesti\u00f3n, mercado,\nmarketing y emprendimiento, como en los aspectos t\u00e9cnicos o m\u00e1s espec\u00edficos de\nla actividad. Y es igual de necesario para quien desea iniciar un negocio como\npara quien est\u00e1 pensando en diversificar su actividad.&nbsp;<\/p>\n\n\n\n<p>Me\nparece tambi\u00e9n importante recordar que existe todo un ecosistema encaminado a\nayudar a quien desea emprender y que es important\u00edsimo aprovecharse de \u00e9l. Me\nrefiero a la formaci\u00f3n, asesoramiento, financiaci\u00f3n y tutorizaci\u00f3n que desde\ndiversas entidades p\u00fablicas y privadas se ofrece.&nbsp;<\/p>\n\n\n\n<p><br> <strong>6. Es este un buen momento para emprender en el mundo rural. \u00bfQu\u00e9 perspectivas presenta?<\/strong><\/p>\n\n\n\n<p>Puede ser un buen momento, siempre que se entienda que\nel emprendimiento responde a una orientaci\u00f3n hacia la innovaci\u00f3n, la\ntecnolog\u00eda, las soluciones novedosas y rompedoras\u2026 Cualquier proyecto no tiene\ngarant\u00eda de \u00e9xito. Como dec\u00eda antes, es fundamental tratar de abordar un hueco\nde mercado de manera novedosa y tambi\u00e9n hacer uso toda la orientaci\u00f3n y ayudas\nexistentes. Emprender en compa\u00f1\u00eda es tambi\u00e9n una buena alternativa.&nbsp;<\/p>\n\n\n\n<p>Aprovecho para decir que quienes eligen emprender en el medio rural merecen un gran respeto, pues est\u00e1n contribuyendo a generar empleo, luchar contra la despoblaci\u00f3n, asegurar el tejido empresarial en zonas rurales o mantener el entorno.<\/p>\n\n\n\n<p><strong>Sobre Leire Bara\u00f1ano Orbe<\/strong><br><br>Licenciada en Administraci\u00f3n y Direcci\u00f3n de Empresas por la Facultad de Ciencias Econ\u00f3micas y Empresariales de la Universidad del Pa\u00eds Vasco\/ Euskal Herriko Unibertsitatea, Leire Bara\u00f1ano, cuenta con una extensa experiencia laboral durante la que ha desempe\u00f1ado diversas funciones de responsabilidad en las organizaciones empresariales Eroski y Azti. Un hecho que le permite tener una visi\u00f3n global de todo el proceso productivo y su distribuci\u00f3n.<\/p>\n\n\n\n<p>En la cooperativa alimentaria Eroski dirigi\u00f3 la secretar\u00eda general del Grupo y la Direcci\u00f3n de Marketing Estrat\u00e9gico y en Azti fue Directora de Valor, con el cometido de estructurar y dinamizar proyectos de innovaci\u00f3n avanzada para el sector agroalimentario vasco principalmente.  Desde 2017 es la directora general de NEIKER, centro tecnol\u00f3gico que ofrece soluciones innovadoras al sector agroalimentario y forestal. <br><br><br><\/p>\n\n\n\n<p><br><br><br><\/p>\n","protected":false},"excerpt":{"rendered":"<p>Doctora en Direcci\u00f3n Empresarial, Conocimiento e Innovaci\u00f3n, Leire Bara\u00f1ano Orbe es la directora general del centro tecnol\u00f3gico NEIKER BRTA, especializado en la creaci\u00f3n de soluciones innovadoras para los sectores agroalimentario y forestal. Bara\u00f1ano participa en la jornada \u2018Un diagn\u00f3stico del emprendimiento femenino en Bizkaia\u2019, donde se pondr\u00e1n sobre la mesa los resultados m\u00e1s relevantes sobre [&hellip;]<\/p>\n","protected":false},"author":1,"featured_media":603,"comment_status":"closed","ping_status":"closed","sticky":false,"template":"","format":"standard","meta":[],"categories":[47,48,76,3,91],"tags":[55,87,83,90,88,89],"_links":{"self":[{"href":"https:\/\/blog.eeb-ove.eus\/index.php\/wp-json\/wp\/v2\/posts\/602"}],"collection":[{"href":"https:\/\/blog.eeb-ove.eus\/index.php\/wp-json\/wp\/v2\/posts"}],"about":[{"href":"https:\/\/blog.eeb-ove.eus\/index.php\/wp-json\/wp\/v2\/types\/post"}],"author":[{"embeddable":true,"href":"https:\/\/blog.eeb-ove.eus\/index.php\/wp-json\/wp\/v2\/users\/1"}],"replies":[{"embeddable":true,"href":"https:\/\/blog.eeb-ove.eus\/index.php\/wp-json\/wp\/v2\/comments?post=602"}],"version-history":[{"count":6,"href":"https:\/\/blog.eeb-ove.eus\/index.php\/wp-json\/wp\/v2\/posts\/602\/revisions"}],"predecessor-version":[{"id":632,"href":"https:\/\/blog.eeb-ove.eus\/index.php\/wp-json\/wp\/v2\/posts\/602\/revisions\/632"}],"wp:featuredmedia":[{"embeddable":true,"href":"https:\/\/blog.eeb-ove.eus\/index.php\/wp-json\/wp\/v2\/media\/603"}],"wp:attachment":[{"href":"https:\/\/blog.eeb-ove.eus\/index.php\/wp-json\/wp\/v2\/media?parent=602"}],"wp:term":[{"taxonomy":"category","embeddable":true,"href":"https:\/\/blog.eeb-ove.eus\/index.php\/wp-json\/wp\/v2\/categories?post=602"},{"taxonomy":"post_tag","embeddable":true,"href":"https:\/\/blog.eeb-ove.eus\/index.php\/wp-json\/wp\/v2\/tags?post=602"}],"curies":[{"name":"wp","href":"https:\/\/api.w.org\/{rel}","templated":true}]}}