{"id":726,"date":"2022-09-13T07:56:07","date_gmt":"2022-09-13T07:56:07","guid":{"rendered":"http:\/\/blog.eeb-ove.eus\/?p=726"},"modified":"2022-09-13T10:08:10","modified_gmt":"2022-09-13T10:08:10","slug":"cientificos-emprendedores-e-inversores-se-dan-cita-en-el-vi-congreso-de-cientificos-emprendedores-en-santander","status":"publish","type":"post","link":"https:\/\/blog.eeb-ove.eus\/index.php\/2022\/09\/13\/cientificos-emprendedores-e-inversores-se-dan-cita-en-el-vi-congreso-de-cientificos-emprendedores-en-santander\/","title":{"rendered":"Cient\u00edficos, emprendedores e inversores se dan cita en el VI Congreso de Cient\u00edficos Emprendedores en Santander"},"content":{"rendered":"\n<figure class=\"wp-block-image size-large\"><img loading=\"lazy\" width=\"1024\" height=\"379\" src=\"http:\/\/blog.eeb-ove.eus\/wp-content\/uploads\/2022\/09\/294724229_3281678252114529_8783111161285865598_n-1024x379.jpg\" alt=\"\" class=\"wp-image-733\" srcset=\"https:\/\/blog.eeb-ove.eus\/wp-content\/uploads\/2022\/09\/294724229_3281678252114529_8783111161285865598_n-1024x379.jpg 1024w, https:\/\/blog.eeb-ove.eus\/wp-content\/uploads\/2022\/09\/294724229_3281678252114529_8783111161285865598_n-300x111.jpg 300w, https:\/\/blog.eeb-ove.eus\/wp-content\/uploads\/2022\/09\/294724229_3281678252114529_8783111161285865598_n-178x66.jpg 178w, https:\/\/blog.eeb-ove.eus\/wp-content\/uploads\/2022\/09\/294724229_3281678252114529_8783111161285865598_n-768x284.jpg 768w, https:\/\/blog.eeb-ove.eus\/wp-content\/uploads\/2022\/09\/294724229_3281678252114529_8783111161285865598_n-600x222.jpg 600w, https:\/\/blog.eeb-ove.eus\/wp-content\/uploads\/2022\/09\/294724229_3281678252114529_8783111161285865598_n.jpg 1458w\" sizes=\"(max-width: 1024px) 100vw, 1024px\" \/><\/figure>\n\n\n\n<p>Los d\u00edas 6 y 7 de octubre Santander se convertir\u00e1 en la sede del <a href=\"http:\/\/Los d\u00edas 6 y 7 de octubre Santander se convertir\u00e1 en la sede del VI Congreso Nacional de Cient\u00edficos Emprendedores.  M\u00e1s de 30 ponentes compartir\u00e1n su experiencia en el mundo del emprendimiento cient\u00edfico en un encuentro  que reunir\u00e1  a investigadores, inversores y empresarios con el prop\u00f3sito de facilitar nuevas iniciativas privadas de base cient\u00edfica.   Durante la convenci\u00f3n se podr\u00e1 asistir a talleres, casos de \u00e9xito de cient\u00edficos, mesas redondas y actividades con el objetivo de crear sinergias entre investigadores, empresarios, emprendedores y agentes sociales. Los expertos debatir\u00e1n  temas como la transferencia del conocimiento cient\u00edfico a las empresas o las tendencias en la demanda de emprendimiento cient\u00edfico en \u00e1mbitos como la econom\u00eda azul y la salud.  El simposio, considerado el mayor punto de encuentro de cient\u00edficos emprendedores y su ecosistema de innovaci\u00f3n, cuenta con ponentes muy relevantes en el \u00e1mbito del emprendimiento. El congreso pretende poner en valor las start-ups y spin-offs y animar a las personas  investigadoras a dar el salto a emprender ya que el emprendimiento cient\u00edfico es un sector de alt\u00edsima importancia que genera conocimiento productivo, impulsa el crecimiento econ\u00f3mico y social.  Tras dos a\u00f1os complicados por la crisis sanitaria Covid el encuentro volver\u00e1 a celebrarse gracias al apoyo del Centro Internacional Santander Emprendimiento (CISE). la fundaci\u00f3n Dami\u00e1n Rodriguez Olivares y con la colaboraci\u00f3n de Crue Universidades Espa\u00f1olas. EEB-OVE cuenta con un n\u00famero de becas limitado para asistir de forma gratuita al VI Congreso de Emprendedores Cient\u00edficos. Para acceder a ellas solo tienes que escribir al correo: info@emprendedorescientificos.org e indicar OVE Pa\u00eds Vasco.   + Informaci\u00f3n y programa completo: https:\/\/emprendedorescientificos.org\/\">VI Congreso Nacional de Cient\u00edficos Emprendedores<\/a>. &nbsp;M\u00e1s de 30 ponentes compartir\u00e1n su experiencia en el mundo del emprendimiento cient\u00edfico en un encuentro que reunir\u00e1 a investigadores, inversores y empresarios con el prop\u00f3sito de facilitar nuevas iniciativas privadas de base cient\u00edfica.<br><br>Durante la convenci\u00f3n se podr\u00e1 asistir a talleres, casos de \u00e9xito de cient\u00edficos, mesas redondas y actividades cuyo objetivo es crear sinergias entre investigadores, empresarios, emprendedores y agentes sociales. As\u00ed mismo se debatir\u00e1n temas como la transferencia del conocimiento cient\u00edfico a las empresas o las tendencias en la demanda de emprendimiento cient\u00edfico en \u00e1mbitos como la econom\u00eda azul, centrada en los mares, y la salud.<br><br>El simposio, considerado el mayor punto de encuentro de cient\u00edficos emprendedores y su ecosistema de innovaci\u00f3n, cuenta con ponentes muy relevantes en el \u00e1mbito del emprendimiento. El congreso pretende poner en valor las start-ups y spin-offs y animar a las personas&nbsp; investigadoras a dar el salto a emprender ya que el emprendimiento cient\u00edfico es un sector de alt\u00edsima importancia que genera conocimiento productivo, impulsa el crecimiento econ\u00f3mico y social.<\/p>\n\n\n\n<p>Tras dos a\u00f1os complicados por la crisis sanitaria Covid el congreso volver\u00e1 a celebrarse gracias al apoyo del Centro Internacional Santander Emprendimiento (CISE). la fundaci\u00f3n Dami\u00e1n Rodriguez Olivares y la colaboraci\u00f3n de Crue Universidades Espa\u00f1olas.<\/p>\n\n\n\n<p class=\"has-vivid-red-color has-text-color\"><strong><em><a href=\"http:\/\/eeb-ove.eus\/inicio\/\">EEB-OVE<\/a>, Observatorio Vasco de Emprendimiento- Euskal Ekintzailetzaren Behatokia, cuenta con un n\u00famero de becas limitado para asistir de forma gratuita al VI Congreso de Emprendedores Cient\u00edficos. Para acceder a ellas solo tienes que escribir al correo: info@emprendedorescientificos.org e indicar OVE Pa\u00eds Vasco.<\/em><\/strong><br>+ Informaci\u00f3n y programa completo: https:\/\/emprendedorescientificos.org\/<br><strong>Cu\u00e1ndo y d\u00f3nde:<\/strong> 6 y 7 de octubre de 2022, el Palacio de Festivales de Cantabria (Santander) albergar\u00e1 el VI Congreso Nacional de Cient\u00edficos Emprendedores. <br><br> <\/p>\n\n\n\n<p class=\"has-vivid-red-color has-text-color\"><br><\/p>\n","protected":false},"excerpt":{"rendered":"<p>Los d\u00edas 6 y 7 de octubre Santander se convertir\u00e1 en la sede del VI Congreso Nacional de Cient\u00edficos Emprendedores. &nbsp;M\u00e1s de 30 ponentes compartir\u00e1n su experiencia en el mundo del emprendimiento cient\u00edfico en un encuentro que reunir\u00e1 a investigadores, inversores y empresarios con el prop\u00f3sito de facilitar nuevas iniciativas privadas de base cient\u00edfica. Durante [&hellip;]<\/p>\n","protected":false},"author":1,"featured_media":732,"comment_status":"closed","ping_status":"closed","sticky":false,"template":"","format":"standard","meta":[],"categories":[20,47,76,3,15,73],"tags":[35],"_links":{"self":[{"href":"https:\/\/blog.eeb-ove.eus\/index.php\/wp-json\/wp\/v2\/posts\/726"}],"collection":[{"href":"https:\/\/blog.eeb-ove.eus\/index.php\/wp-json\/wp\/v2\/posts"}],"about":[{"href":"https:\/\/blog.eeb-ove.eus\/index.php\/wp-json\/wp\/v2\/types\/post"}],"author":[{"embeddable":true,"href":"https:\/\/blog.eeb-ove.eus\/index.php\/wp-json\/wp\/v2\/users\/1"}],"replies":[{"embeddable":true,"href":"https:\/\/blog.eeb-ove.eus\/index.php\/wp-json\/wp\/v2\/comments?post=726"}],"version-history":[{"count":4,"href":"https:\/\/blog.eeb-ove.eus\/index.php\/wp-json\/wp\/v2\/posts\/726\/revisions"}],"predecessor-version":[{"id":738,"href":"https:\/\/blog.eeb-ove.eus\/index.php\/wp-json\/wp\/v2\/posts\/726\/revisions\/738"}],"wp:featuredmedia":[{"embeddable":true,"href":"https:\/\/blog.eeb-ove.eus\/index.php\/wp-json\/wp\/v2\/media\/732"}],"wp:attachment":[{"href":"https:\/\/blog.eeb-ove.eus\/index.php\/wp-json\/wp\/v2\/media?parent=726"}],"wp:term":[{"taxonomy":"category","embeddable":true,"href":"https:\/\/blog.eeb-ove.eus\/index.php\/wp-json\/wp\/v2\/categories?post=726"},{"taxonomy":"post_tag","embeddable":true,"href":"https:\/\/blog.eeb-ove.eus\/index.php\/wp-json\/wp\/v2\/tags?post=726"}],"curies":[{"name":"wp","href":"https:\/\/api.w.org\/{rel}","templated":true}]}}