{"id":872,"date":"2022-11-29T11:32:14","date_gmt":"2022-11-29T11:32:14","guid":{"rendered":"http:\/\/blog.eeb-ove.eus\/?p=872"},"modified":"2022-12-16T09:43:50","modified_gmt":"2022-12-16T09:43:50","slug":"el-pais-vasco-lidera-el-ranking-como-el-contexto-mejor-valorado-para-en-el-conjunto-del-estado","status":"publish","type":"post","link":"https:\/\/blog.eeb-ove.eus\/index.php\/2022\/11\/29\/el-pais-vasco-lidera-el-ranking-como-el-contexto-mejor-valorado-para-en-el-conjunto-del-estado\/","title":{"rendered":"El Pa\u00eds Vasco lidera el ranking como el contexto emprendedor mejor valorado en el conjunto del Estado"},"content":{"rendered":"\n<p>Su valoraci\u00f3n supera la media de la Uni\u00f3n Europea y Estados Unidos. Se convierte as\u00ed en un ecosistema emprendedor de referencia seg\u00fan los datos del Informe GEM Pa\u00eds Vasco 2021-2022<\/p>\n\n\n\n<figure class=\"wp-block-image size-large is-resized\"><img loading=\"lazy\" src=\"http:\/\/blog.eeb-ove.eus\/wp-content\/uploads\/2022\/11\/ms-1024x768.jpg\" alt=\"\" class=\"wp-image-873\" width=\"588\" height=\"441\" srcset=\"https:\/\/blog.eeb-ove.eus\/wp-content\/uploads\/2022\/11\/ms-1024x768.jpg 1024w, https:\/\/blog.eeb-ove.eus\/wp-content\/uploads\/2022\/11\/ms-300x225.jpg 300w, https:\/\/blog.eeb-ove.eus\/wp-content\/uploads\/2022\/11\/ms-178x134.jpg 178w, https:\/\/blog.eeb-ove.eus\/wp-content\/uploads\/2022\/11\/ms-768x576.jpg 768w, https:\/\/blog.eeb-ove.eus\/wp-content\/uploads\/2022\/11\/ms-1536x1152.jpg 1536w, https:\/\/blog.eeb-ove.eus\/wp-content\/uploads\/2022\/11\/ms-600x450.jpg 600w, https:\/\/blog.eeb-ove.eus\/wp-content\/uploads\/2022\/11\/ms.jpg 2048w\" sizes=\"(max-width: 588px) 100vw, 588px\" \/><\/figure>\n\n\n\n<p>La semana del emprendimiento Sarekin Week ha iniciado su actividad con una primera jornada dedicada al emprendimiento como alternativa de empleo en tiempos de crisis. La directora de Empleo de la Diputaci\u00f3n Foral de Bizkaia, Susana Gonz\u00e1lez R\u00f3mulo, ha moderado la mesa redonda titulada <strong>\u2018Emprender en tiempos de crisis: \u00bfexisten oportunidades para emprender en tiempos convulsos?\u2019<\/strong>, en la que ha tomado parte Mar\u00eda Saiz, como presidenta de EEB-OVE, <a rel=\"noreferrer noopener\" href=\"http:\/\/eeb-ove.eus\/\" target=\"_blank\">Observatorio Vasco del Emprendimiento \u2013 Euskal Ekintzailetzaren Behatokia<\/a>. Un acto en el que tambi\u00e9n ha participado la presidenta de CEBEK, Carolina P\u00e9rez Toledo, y la directora de ACLIMA, Olga Mart\u00edn.<br>Durante su intervenci\u00f3n Saiz subray\u00f3 las tres ideas m\u00e1s relevantes que dibuja el Informe GEM Pa\u00eds Vasco 2021-2022 acerca de la actual situaci\u00f3n econ\u00f3mico-empresarial del segmento estrat\u00e9gico emprendedor. Un sector, muchas veces, motor de la innovaci\u00f3n y el empleo, especialmente en un momento de incertidumbre energ\u00e9tica e inflacionista como el actual:<\/p>\n\n\n\n<ul><li>El ecosistema emprendedor vasco lidera el ranking de valoraci\u00f3n estatal, superando la<br>media UE y la valoraci\u00f3n de EEUU.<\/li><li>Por primera vez, las mujeres emprendedoras superan a los hombres en la CAPV.<\/li><li>La intensidad emprendedora naciente se mantiene, pero se deteriora la capacidad del<br>colectivo emprendedor para consolidar sus proyectos.<br><br>Para conocer el Informe GEM Pa\u00eds Vasco 2021-2022 completo, clica aqu\u00ed: https:\/\/eeb-ove.eus\/informe-gem-2021-2022-pais-vasco\/<br>Principales conclusiones GEM Pa\u00eds Vasco, clica aqu\u00ed: https:\/\/eeb-ove.eus\/wp-content\/uploads\/2022\/09\/Nota-de-Prensa-GEM-Euskadi-2021-2022.pdf<\/li><\/ul>\n\n\n\n<p>Para seguir el congreso Sarekin Week en directo (hasta el 2 de diciembre de 2022): https:\/\/www.sarekinweek.eus\/<br><br><\/p>\n","protected":false},"excerpt":{"rendered":"<p>Su valoraci\u00f3n supera la media de la Uni\u00f3n Europea y Estados Unidos. Se convierte as\u00ed en un ecosistema emprendedor de referencia seg\u00fan los datos del Informe GEM Pa\u00eds Vasco 2021-2022 La semana del emprendimiento Sarekin Week ha iniciado su actividad con una primera jornada dedicada al emprendimiento como alternativa de empleo en tiempos de crisis. [&hellip;]<\/p>\n","protected":false},"author":1,"featured_media":873,"comment_status":"closed","ping_status":"closed","sticky":false,"template":"","format":"standard","meta":[],"categories":[47,48,76],"tags":[97],"_links":{"self":[{"href":"https:\/\/blog.eeb-ove.eus\/index.php\/wp-json\/wp\/v2\/posts\/872"}],"collection":[{"href":"https:\/\/blog.eeb-ove.eus\/index.php\/wp-json\/wp\/v2\/posts"}],"about":[{"href":"https:\/\/blog.eeb-ove.eus\/index.php\/wp-json\/wp\/v2\/types\/post"}],"author":[{"embeddable":true,"href":"https:\/\/blog.eeb-ove.eus\/index.php\/wp-json\/wp\/v2\/users\/1"}],"replies":[{"embeddable":true,"href":"https:\/\/blog.eeb-ove.eus\/index.php\/wp-json\/wp\/v2\/comments?post=872"}],"version-history":[{"count":4,"href":"https:\/\/blog.eeb-ove.eus\/index.php\/wp-json\/wp\/v2\/posts\/872\/revisions"}],"predecessor-version":[{"id":877,"href":"https:\/\/blog.eeb-ove.eus\/index.php\/wp-json\/wp\/v2\/posts\/872\/revisions\/877"}],"wp:featuredmedia":[{"embeddable":true,"href":"https:\/\/blog.eeb-ove.eus\/index.php\/wp-json\/wp\/v2\/media\/873"}],"wp:attachment":[{"href":"https:\/\/blog.eeb-ove.eus\/index.php\/wp-json\/wp\/v2\/media?parent=872"}],"wp:term":[{"taxonomy":"category","embeddable":true,"href":"https:\/\/blog.eeb-ove.eus\/index.php\/wp-json\/wp\/v2\/categories?post=872"},{"taxonomy":"post_tag","embeddable":true,"href":"https:\/\/blog.eeb-ove.eus\/index.php\/wp-json\/wp\/v2\/tags?post=872"}],"curies":[{"name":"wp","href":"https:\/\/api.w.org\/{rel}","templated":true}]}}